{"id":1240,"global_id":"www.guezos.com?id=1240","global_id_lineage":["www.guezos.com?id=1240"],"author":"1","status":"publish","date":"2021-08-16 14:43:32","date_utc":"2021-08-16 12:43:32","modified":"2021-08-27 10:47:03","modified_utc":"2021-08-27 08:47:03","url":"https:\/\/www.guezos.com\/?tribe_events=festival-de-pardinas","rest_url":"https:\/\/www.guezos.com\/index.php?rest_route=\/tribe\/events\/v1\/events\/1240","title":"Festival de Pardi\u00f1as","description":"<p><img decoding=\"async\" class=\"spotlight\" src=\"https:\/\/scontent.fvgo3-1.fna.fbcdn.net\/v\/t1.6435-9\/240574445_10160141295124363_6959905810026019654_n.jpg?_nc_cat=107&amp;ccb=1-5&amp;_nc_sid=973b4a&amp;_nc_ohc=3XeV1brx8BAAX8KPw-O&amp;_nc_ht=scontent.fvgo3-1.fna&amp;oh=88a5f13dce5cb2a63ee5c7a07440d4c6&amp;oe=614DE4B5\" alt=\"No hay ninguna descripci\u00f3n de la foto disponible.\" aria-busy=\"false\" \/><\/p>","excerpt":"","slug":"festival-de-pardinas","image":false,"all_day":false,"start_date":"2021-08-27 22:30:00","start_date_details":{"year":"2021","month":"08","day":"27","hour":"22","minutes":"30","seconds":"00"},"end_date":"2021-08-27 23:45:00","end_date_details":{"year":"2021","month":"08","day":"27","hour":"23","minutes":"45","seconds":"00"},"utc_start_date":"2021-08-27 20:30:00","utc_start_date_details":{"year":"2021","month":"08","day":"27","hour":"20","minutes":"30","seconds":"00"},"utc_end_date":"2021-08-27 21:45:00","utc_end_date_details":{"year":"2021","month":"08","day":"27","hour":"21","minutes":"45","seconds":"00"},"timezone":"Europe\/Madrid","timezone_abbr":"CEST","cost":"","cost_details":{"currency_symbol":"","currency_code":"","currency_position":"prefix","values":[]},"website":"","show_map":true,"show_map_link":true,"hide_from_listings":false,"sticky":false,"featured":false,"categories":[],"tags":[],"venue":{"id":1238,"author":"1","status":"publish","date":"2021-08-16 14:42:52","date_utc":"2021-08-16 12:42:52","modified":"2021-08-27 10:46:04","modified_utc":"2021-08-27 08:46:04","url":"https:\/\/www.guezos.com\/?tribe_venue=festival-de-partinas","venue":"Festival de Pardi\u00f1as","slug":"festival-de-partinas","address":"Campo da Feira","city":"Pardi\u00f1as","country":"Espa\u00f1a","province":"Lugo","zip":"27300","website":"https:\/\/es-es.facebook.com\/festivaldepardinas\/","stateprovince":"Lugo","json_ld":{"@type":"Place","name":"Festival de Pardi\u00f1as","description":"","url":"","address":{"@type":"PostalAddress","streetAddress":"Campo da Feira","addressLocality":"Pardi\u00f1as","addressRegion":"Lugo","postalCode":"27300","addressCountry":"Espa\u00f1a"},"telephone":"","sameAs":"https:\/\/es-es.facebook.com\/festivaldepardinas\/"},"show_map":true,"show_map_link":true,"global_id":"www.guezos.com?id=1238","global_id_lineage":["www.guezos.com?id=1238"]},"organizer":[],"custom_fields":[],"json_ld":{"@context":"http:\/\/schema.org","@type":"Event","name":"Festival de Pardi\u00f1as","description":"","url":"https:\/\/www.guezos.com\/?tribe_events=festival-de-pardinas","eventAttendanceMode":"https:\/\/schema.org\/OfflineEventAttendanceMode","eventStatus":"https:\/\/schema.org\/EventScheduled","startDate":"2021-08-27T22:30:00+02:00","endDate":"2021-08-27T23:45:00+02:00","location":{"@type":"Place","name":"Festival de Pardi\u00f1as","description":"","url":"","address":{"@type":"PostalAddress","streetAddress":"Campo da Feira","addressLocality":"Pardi\u00f1as","addressRegion":"Lugo","postalCode":"27300","addressCountry":"Espa\u00f1a"},"telephone":"","sameAs":"https:\/\/es-es.facebook.com\/festivaldepardinas\/"},"performer":"Organization"},"ticketed":false}